{"id":3072,"date":"2017-05-23T16:23:32","date_gmt":"2017-05-23T14:23:32","guid":{"rendered":"https:\/\/www.alpenklang.info\/at\/wander-saisonstart\/"},"modified":"2017-05-23T16:23:32","modified_gmt":"2017-05-23T14:23:32","slug":"wander-saisonstart","status":"publish","type":"post","link":"https:\/\/www.alpenklang.info\/at\/wander-saisonstart\/","title":{"rendered":"Wander Saisonstart"},"content":{"rendered":"<p>Ab morgen den 24. Mai starten wir wieder in die Wander Saison.Im Gro\u00dfarltal sind ab Donnerstag schon mehr als 10 Almh\u00fctten ge\u00f6ffnet. Unter anderem die Mooslehenalm und Niggeltalalm oberhalb vom Hotel Alpenklang.<\/p>\n<p>Auch unser Restaurant hat ab Donnerstag wieder offen und unser K\u00fcchenchef Roland verw\u00f6hnt Sie mit frischen Fr\u00fchlings-Gerichten.<\/p>\n<p>Wir freuen uns auf einen sch\u00f6nen Almsommer und auf Ihren Besuch!<\/p>\n<p>Katrin &amp; Christoph Rohrmoser mit Victoria<a href=\"https:\/\/www.alpenklang.info\/wp-content\/uploads\/img_3840-1.jpg\" rel='magnific'><img decoding=\"async\" src=\"https:\/\/www.alpenklang.info\/wp-content\/uploads\/img_3840-1.jpg\" alt=\"\" width=\"1000\" height=\"1334\" class=\"alignnone size-full wp-image-2649\" srcset=\"https:\/\/www.alpenklang.info\/wp-content\/uploads\/img_3840-1.jpg 1000w, https:\/\/www.alpenklang.info\/wp-content\/uploads\/img_3840-1-412x550.jpg 412w, https:\/\/www.alpenklang.info\/wp-content\/uploads\/img_3840-1-768x1024.jpg 768w, https:\/\/www.alpenklang.info\/wp-content\/uploads\/img_3840-1-150x200.jpg 150w, https:\/\/www.alpenklang.info\/wp-content\/uploads\/img_3840-1-300x400.jpg 300w, https:\/\/www.alpenklang.info\/wp-content\/uploads\/img_3840-1-292x390.jpg 292w, https:\/\/www.alpenklang.info\/wp-content\/uploads\/img_3840-1-855x1140.jpg 855w\" sizes=\"(max-width: 1000px) 100vw, 1000px\" \/><\/a><\/p>\n","protected":false},"excerpt":{"rendered":"<p>Ab morgen den 24. Mai starten wir wieder in die Wander Saison.Im Gro\u00dfarltal sind ab Donnerstag schon mehr als 10 Almh\u00fctten ge\u00f6ffnet. Unter anderem die Mooslehenalm und Niggeltalalm oberhalb vom Hotel Alpenklang. Auch unser Restaurant hat ab Donnerstag wieder offen und unser K\u00fcchenchef Roland verw\u00f6hnt Sie mit frischen Fr\u00fchlings-Gerichten. Wir freuen uns auf einen sch\u00f6nen &hellip;<\/p>\n\n<p><a class=\"readmore btn btn-default btn-default btn-block\" href=\"https:\/\/www.alpenklang.info\/at\/wander-saisonstart\/\">Read More<\/a><\/p>","protected":false},"author":5,"featured_media":0,"comment_status":"closed","ping_status":"closed","sticky":false,"template":"","format":"standard","meta":{"footnotes":""},"categories":[19],"tags":[],"class_list":["post-3072","post","type-post","status-publish","format-standard","hentry","category-uncategorized-at"],"yoast_head":"<!-- This site is optimized with the Yoast SEO plugin v27.4 - https:\/\/yoast.com\/product\/yoast-seo-wordpress\/ -->\n<title>Wander Saisonstart - Hotel Alpenklang<\/title>\n<meta name=\"robots\" content=\"index, follow, max-snippet:-1, max-image-preview:large, max-video-preview:-1\" \/>\n<link rel=\"canonical\" href=\"https:\/\/www.alpenklang.info\/wander-saisonstart\/\" \/>\n<meta property=\"og:locale\" content=\"de_DE\" \/>\n<meta property=\"og:type\" content=\"article\" \/>\n<meta property=\"og:title\" content=\"Wander Saisonstart - Hotel Alpenklang\" \/>\n<meta property=\"og:description\" content=\"Ab morgen den 24. Mai starten wir wieder in die Wander Saison.Im Gro\u00dfarltal sind ab Donnerstag schon mehr als 10 Almh\u00fctten ge\u00f6ffnet. Unter anderem die Mooslehenalm und Niggeltalalm oberhalb vom Hotel Alpenklang. Auch unser Restaurant hat ab Donnerstag wieder offen und unser K\u00fcchenchef Roland verw\u00f6hnt Sie mit frischen Fr\u00fchlings-Gerichten. Wir freuen uns auf einen sch\u00f6nen &hellip;\" \/>\n<meta property=\"og:url\" content=\"https:\/\/www.alpenklang.info\/wander-saisonstart\/\" \/>\n<meta property=\"og:site_name\" content=\"Hotel Alpenklang\" \/>\n<meta property=\"article:published_time\" content=\"2017-05-23T14:23:32+00:00\" \/>\n<meta property=\"og:image\" content=\"https:\/\/www.alpenklang.info\/wp-content\/uploads\/img_3840-1.jpg\" \/>\n\t<meta property=\"og:image:width\" content=\"1000\" \/>\n\t<meta property=\"og:image:height\" content=\"1334\" \/>\n\t<meta property=\"og:image:type\" content=\"image\/jpeg\" \/>\n<meta name=\"author\" content=\"AlpKlangRohr21\" \/>\n<meta name=\"twitter:label1\" content=\"Written by\" \/>\n\t<meta name=\"twitter:data1\" content=\"AlpKlangRohr21\" \/>\n<script type=\"application\/ld+json\" class=\"yoast-schema-graph\">{\"@context\":\"https:\\\/\\\/schema.org\",\"@graph\":[{\"@type\":\"Article\",\"@id\":\"https:\\\/\\\/www.alpenklang.info\\\/wander-saisonstart\\\/#article\",\"isPartOf\":{\"@id\":\"https:\\\/\\\/www.alpenklang.info\\\/wander-saisonstart\\\/\"},\"author\":{\"name\":\"AlpKlangRohr21\",\"@id\":\"https:\\\/\\\/www.alpenklang.info\\\/en\\\/#\\\/schema\\\/person\\\/3a550c52007c2179bd21915094fa734d\"},\"headline\":\"Wander Saisonstart\",\"datePublished\":\"2017-05-23T14:23:32+00:00\",\"mainEntityOfPage\":{\"@id\":\"https:\\\/\\\/www.alpenklang.info\\\/wander-saisonstart\\\/\"},\"wordCount\":74,\"image\":{\"@id\":\"https:\\\/\\\/www.alpenklang.info\\\/wander-saisonstart\\\/#primaryimage\"},\"thumbnailUrl\":\"https:\\\/\\\/www.alpenklang.info\\\/wp-content\\\/uploads\\\/img_3840-1.jpg\",\"articleSection\":[\"Uncategorized @at\"],\"inLanguage\":\"de\"},{\"@type\":\"WebPage\",\"@id\":\"https:\\\/\\\/www.alpenklang.info\\\/wander-saisonstart\\\/\",\"url\":\"https:\\\/\\\/www.alpenklang.info\\\/wander-saisonstart\\\/\",\"name\":\"Wander Saisonstart - Hotel Alpenklang\",\"isPartOf\":{\"@id\":\"https:\\\/\\\/www.alpenklang.info\\\/en\\\/#website\"},\"primaryImageOfPage\":{\"@id\":\"https:\\\/\\\/www.alpenklang.info\\\/wander-saisonstart\\\/#primaryimage\"},\"image\":{\"@id\":\"https:\\\/\\\/www.alpenklang.info\\\/wander-saisonstart\\\/#primaryimage\"},\"thumbnailUrl\":\"https:\\\/\\\/www.alpenklang.info\\\/wp-content\\\/uploads\\\/img_3840-1.jpg\",\"datePublished\":\"2017-05-23T14:23:32+00:00\",\"author\":{\"@id\":\"https:\\\/\\\/www.alpenklang.info\\\/en\\\/#\\\/schema\\\/person\\\/3a550c52007c2179bd21915094fa734d\"},\"breadcrumb\":{\"@id\":\"https:\\\/\\\/www.alpenklang.info\\\/wander-saisonstart\\\/#breadcrumb\"},\"inLanguage\":\"de\",\"potentialAction\":[{\"@type\":\"ReadAction\",\"target\":[\"https:\\\/\\\/www.alpenklang.info\\\/wander-saisonstart\\\/\"]}]},{\"@type\":\"ImageObject\",\"inLanguage\":\"de\",\"@id\":\"https:\\\/\\\/www.alpenklang.info\\\/wander-saisonstart\\\/#primaryimage\",\"url\":\"https:\\\/\\\/www.alpenklang.info\\\/wp-content\\\/uploads\\\/img_3840-1.jpg\",\"contentUrl\":\"https:\\\/\\\/www.alpenklang.info\\\/wp-content\\\/uploads\\\/img_3840-1.jpg\"},{\"@type\":\"BreadcrumbList\",\"@id\":\"https:\\\/\\\/www.alpenklang.info\\\/wander-saisonstart\\\/#breadcrumb\",\"itemListElement\":[{\"@type\":\"ListItem\",\"position\":1,\"name\":\"Home\",\"item\":\"https:\\\/\\\/www.alpenklang.info\\\/at\\\/\"},{\"@type\":\"ListItem\",\"position\":2,\"name\":\"Wander Saisonstart\"}]},{\"@type\":\"WebSite\",\"@id\":\"https:\\\/\\\/www.alpenklang.info\\\/en\\\/#website\",\"url\":\"https:\\\/\\\/www.alpenklang.info\\\/en\\\/\",\"name\":\"Hotel Alpenklang\",\"description\":\"Hotel &amp; Berggasthaus in Gro\u00dfarl\",\"potentialAction\":[{\"@type\":\"SearchAction\",\"target\":{\"@type\":\"EntryPoint\",\"urlTemplate\":\"https:\\\/\\\/www.alpenklang.info\\\/en\\\/?s={search_term_string}\"},\"query-input\":{\"@type\":\"PropertyValueSpecification\",\"valueRequired\":true,\"valueName\":\"search_term_string\"}}],\"inLanguage\":\"de\"},{\"@type\":\"Person\",\"@id\":\"https:\\\/\\\/www.alpenklang.info\\\/en\\\/#\\\/schema\\\/person\\\/3a550c52007c2179bd21915094fa734d\",\"name\":\"AlpKlangRohr21\",\"image\":{\"@type\":\"ImageObject\",\"inLanguage\":\"de\",\"@id\":\"https:\\\/\\\/secure.gravatar.com\\\/avatar\\\/f9dcf992ffd4572ce6a9085c589d8a6d08199f6f94d45ad3a4b7f04a04d78aa6?s=96&d=mm&r=g\",\"url\":\"https:\\\/\\\/secure.gravatar.com\\\/avatar\\\/f9dcf992ffd4572ce6a9085c589d8a6d08199f6f94d45ad3a4b7f04a04d78aa6?s=96&d=mm&r=g\",\"contentUrl\":\"https:\\\/\\\/secure.gravatar.com\\\/avatar\\\/f9dcf992ffd4572ce6a9085c589d8a6d08199f6f94d45ad3a4b7f04a04d78aa6?s=96&d=mm&r=g\",\"caption\":\"AlpKlangRohr21\"},\"url\":\"https:\\\/\\\/www.alpenklang.info\\\/at\\\/author\\\/alpklangrohr21\\\/\"}]}<\/script>\n<!-- \/ Yoast SEO plugin. -->","yoast_head_json":{"title":"Wander Saisonstart - Hotel Alpenklang","robots":{"index":"index","follow":"follow","max-snippet":"max-snippet:-1","max-image-preview":"max-image-preview:large","max-video-preview":"max-video-preview:-1"},"canonical":"https:\/\/www.alpenklang.info\/wander-saisonstart\/","og_locale":"de_DE","og_type":"article","og_title":"Wander Saisonstart - Hotel Alpenklang","og_description":"Ab morgen den 24. Mai starten wir wieder in die Wander Saison.Im Gro\u00dfarltal sind ab Donnerstag schon mehr als 10 Almh\u00fctten ge\u00f6ffnet. Unter anderem die Mooslehenalm und Niggeltalalm oberhalb vom Hotel Alpenklang. Auch unser Restaurant hat ab Donnerstag wieder offen und unser K\u00fcchenchef Roland verw\u00f6hnt Sie mit frischen Fr\u00fchlings-Gerichten. Wir freuen uns auf einen sch\u00f6nen &hellip;","og_url":"https:\/\/www.alpenklang.info\/wander-saisonstart\/","og_site_name":"Hotel Alpenklang","article_published_time":"2017-05-23T14:23:32+00:00","og_image":[{"width":1000,"height":1334,"url":"https:\/\/www.alpenklang.info\/wp-content\/uploads\/img_3840-1.jpg","type":"image\/jpeg"}],"author":"AlpKlangRohr21","twitter_misc":{"Written by":"AlpKlangRohr21"},"schema":{"@context":"https:\/\/schema.org","@graph":[{"@type":"Article","@id":"https:\/\/www.alpenklang.info\/wander-saisonstart\/#article","isPartOf":{"@id":"https:\/\/www.alpenklang.info\/wander-saisonstart\/"},"author":{"name":"AlpKlangRohr21","@id":"https:\/\/www.alpenklang.info\/en\/#\/schema\/person\/3a550c52007c2179bd21915094fa734d"},"headline":"Wander Saisonstart","datePublished":"2017-05-23T14:23:32+00:00","mainEntityOfPage":{"@id":"https:\/\/www.alpenklang.info\/wander-saisonstart\/"},"wordCount":74,"image":{"@id":"https:\/\/www.alpenklang.info\/wander-saisonstart\/#primaryimage"},"thumbnailUrl":"https:\/\/www.alpenklang.info\/wp-content\/uploads\/img_3840-1.jpg","articleSection":["Uncategorized @at"],"inLanguage":"de"},{"@type":"WebPage","@id":"https:\/\/www.alpenklang.info\/wander-saisonstart\/","url":"https:\/\/www.alpenklang.info\/wander-saisonstart\/","name":"Wander Saisonstart - Hotel Alpenklang","isPartOf":{"@id":"https:\/\/www.alpenklang.info\/en\/#website"},"primaryImageOfPage":{"@id":"https:\/\/www.alpenklang.info\/wander-saisonstart\/#primaryimage"},"image":{"@id":"https:\/\/www.alpenklang.info\/wander-saisonstart\/#primaryimage"},"thumbnailUrl":"https:\/\/www.alpenklang.info\/wp-content\/uploads\/img_3840-1.jpg","datePublished":"2017-05-23T14:23:32+00:00","author":{"@id":"https:\/\/www.alpenklang.info\/en\/#\/schema\/person\/3a550c52007c2179bd21915094fa734d"},"breadcrumb":{"@id":"https:\/\/www.alpenklang.info\/wander-saisonstart\/#breadcrumb"},"inLanguage":"de","potentialAction":[{"@type":"ReadAction","target":["https:\/\/www.alpenklang.info\/wander-saisonstart\/"]}]},{"@type":"ImageObject","inLanguage":"de","@id":"https:\/\/www.alpenklang.info\/wander-saisonstart\/#primaryimage","url":"https:\/\/www.alpenklang.info\/wp-content\/uploads\/img_3840-1.jpg","contentUrl":"https:\/\/www.alpenklang.info\/wp-content\/uploads\/img_3840-1.jpg"},{"@type":"BreadcrumbList","@id":"https:\/\/www.alpenklang.info\/wander-saisonstart\/#breadcrumb","itemListElement":[{"@type":"ListItem","position":1,"name":"Home","item":"https:\/\/www.alpenklang.info\/at\/"},{"@type":"ListItem","position":2,"name":"Wander Saisonstart"}]},{"@type":"WebSite","@id":"https:\/\/www.alpenklang.info\/en\/#website","url":"https:\/\/www.alpenklang.info\/en\/","name":"Hotel Alpenklang","description":"Hotel &amp; Berggasthaus in Gro\u00dfarl","potentialAction":[{"@type":"SearchAction","target":{"@type":"EntryPoint","urlTemplate":"https:\/\/www.alpenklang.info\/en\/?s={search_term_string}"},"query-input":{"@type":"PropertyValueSpecification","valueRequired":true,"valueName":"search_term_string"}}],"inLanguage":"de"},{"@type":"Person","@id":"https:\/\/www.alpenklang.info\/en\/#\/schema\/person\/3a550c52007c2179bd21915094fa734d","name":"AlpKlangRohr21","image":{"@type":"ImageObject","inLanguage":"de","@id":"https:\/\/secure.gravatar.com\/avatar\/f9dcf992ffd4572ce6a9085c589d8a6d08199f6f94d45ad3a4b7f04a04d78aa6?s=96&d=mm&r=g","url":"https:\/\/secure.gravatar.com\/avatar\/f9dcf992ffd4572ce6a9085c589d8a6d08199f6f94d45ad3a4b7f04a04d78aa6?s=96&d=mm&r=g","contentUrl":"https:\/\/secure.gravatar.com\/avatar\/f9dcf992ffd4572ce6a9085c589d8a6d08199f6f94d45ad3a4b7f04a04d78aa6?s=96&d=mm&r=g","caption":"AlpKlangRohr21"},"url":"https:\/\/www.alpenklang.info\/at\/author\/alpklangrohr21\/"}]}},"_links":{"self":[{"href":"https:\/\/www.alpenklang.info\/at\/wp-json\/wp\/v2\/posts\/3072","targetHints":{"allow":["GET"]}}],"collection":[{"href":"https:\/\/www.alpenklang.info\/at\/wp-json\/wp\/v2\/posts"}],"about":[{"href":"https:\/\/www.alpenklang.info\/at\/wp-json\/wp\/v2\/types\/post"}],"author":[{"embeddable":true,"href":"https:\/\/www.alpenklang.info\/at\/wp-json\/wp\/v2\/users\/5"}],"replies":[{"embeddable":true,"href":"https:\/\/www.alpenklang.info\/at\/wp-json\/wp\/v2\/comments?post=3072"}],"version-history":[{"count":0,"href":"https:\/\/www.alpenklang.info\/at\/wp-json\/wp\/v2\/posts\/3072\/revisions"}],"wp:attachment":[{"href":"https:\/\/www.alpenklang.info\/at\/wp-json\/wp\/v2\/media?parent=3072"}],"wp:term":[{"taxonomy":"category","embeddable":true,"href":"https:\/\/www.alpenklang.info\/at\/wp-json\/wp\/v2\/categories?post=3072"},{"taxonomy":"post_tag","embeddable":true,"href":"https:\/\/www.alpenklang.info\/at\/wp-json\/wp\/v2\/tags?post=3072"}],"curies":[{"name":"wp","href":"https:\/\/api.w.org\/{rel}","templated":true}]}}