{"id":3086,"date":"2016-07-10T19:59:41","date_gmt":"2016-07-10T17:59:41","guid":{"rendered":"https:\/\/www.alpenklang.info\/at\/sommerzeit-ist-blumenzeit\/"},"modified":"2016-07-10T19:59:41","modified_gmt":"2016-07-10T17:59:41","slug":"sommerzeit-ist-blumenzeit","status":"publish","type":"post","link":"https:\/\/www.alpenklang.info\/at\/sommerzeit-ist-blumenzeit\/","title":{"rendered":"Sommerzeit ist Blumenzeit"},"content":{"rendered":"<p>Derzeit kann man \u00fcberall im Gro\u00dfarltal die Blumenpracht bewundern. Bei uns im Tal der Almen wird gro\u00dfer wert auf gepflegte H\u00e4user gelegt und da geh\u00f6rt auch der Balkon Blumenschmuck dazu. Nach einem sehr feuchten Fr\u00fchling sehen die Balkonpflanzen jetzt endlich viel Sonne\u00a0und k\u00f6nnen ihre Bl\u00fctenpracht entfalten. Nat\u00fcrlich haben auch wir unser Hotel wieder mit Balkonblumen geschm\u00fcckt.<\/p>\n<p>&nbsp;<\/p>\n<p><a href=\"https:\/\/www.alpenklang.info\/wp-content\/uploads\/img_5336.jpg\" rel='magnific'><img decoding=\"async\" class=\"alignnone wp-image-2215 size-large aligncenter\" src=\"https:\/\/www.alpenklang.info\/wp-content\/uploads\/img_5336-1024x753.jpg\" width=\"550\" height=\"404\" srcset=\"https:\/\/www.alpenklang.info\/wp-content\/uploads\/img_5336-1024x753.jpg 1024w, https:\/\/www.alpenklang.info\/wp-content\/uploads\/img_5336-550x404.jpg 550w, https:\/\/www.alpenklang.info\/wp-content\/uploads\/img_5336-768x564.jpg 768w, https:\/\/www.alpenklang.info\/wp-content\/uploads\/img_5336-250x184.jpg 250w, https:\/\/www.alpenklang.info\/wp-content\/uploads\/img_5336-544x400.jpg 544w, https:\/\/www.alpenklang.info\/wp-content\/uploads\/img_5336-390x287.jpg 390w, https:\/\/www.alpenklang.info\/wp-content\/uploads\/img_5336-1140x838.jpg 1140w\" sizes=\"(max-width: 550px) 100vw, 550px\" \/><\/a><\/p>\n<p>&nbsp;<\/p>\n<p>Der Almrausch kommt dieses Jahr auch etwas versp\u00e4tet und steht jetzt in voller Bl\u00fcte. Das Foto habe ich vor 3 Tagen auf dem Weg von der Filzmoosalm zur Loosb\u00fchelalm aufgenommen.<\/p>\n<p>&nbsp;<\/p>\n<p><a href=\"https:\/\/www.alpenklang.info\/wp-content\/uploads\/img_5232-1.jpg\" rel='magnific'><img decoding=\"async\" class=\"alignnone wp-image-2225 size-large aligncenter\" src=\"https:\/\/www.alpenklang.info\/wp-content\/uploads\/img_5232-1-1024x768.jpg\" width=\"550\" height=\"413\" srcset=\"https:\/\/www.alpenklang.info\/wp-content\/uploads\/img_5232-1-1024x768.jpg 1024w, https:\/\/www.alpenklang.info\/wp-content\/uploads\/img_5232-1-550x413.jpg 550w, https:\/\/www.alpenklang.info\/wp-content\/uploads\/img_5232-1-768x576.jpg 768w, https:\/\/www.alpenklang.info\/wp-content\/uploads\/img_5232-1-250x188.jpg 250w, https:\/\/www.alpenklang.info\/wp-content\/uploads\/img_5232-1-533x400.jpg 533w, https:\/\/www.alpenklang.info\/wp-content\/uploads\/img_5232-1-390x293.jpg 390w, https:\/\/www.alpenklang.info\/wp-content\/uploads\/img_5232-1-1140x855.jpg 1140w\" sizes=\"(max-width: 550px) 100vw, 550px\" \/><\/a><\/p>\n<p>&nbsp;<\/p>\n<p>Unsere Victoria hat gro\u00dfe Freude beim Blumen pfl\u00fccken. Auf den Wiesen rund ums Hotel Alpenklang sind derzeit unz\u00e4hlige davon zu finden. Da gibt es zweimal t\u00e4glich einen Wiesenblumen Strau\u00df f\u00fcr die Mama.<\/p>\n<p>&nbsp;<\/p>\n<p><a href=\"https:\/\/www.alpenklang.info\/wp-content\/uploads\/img_5345-1.jpg\" rel='magnific'><img decoding=\"async\" class=\"alignnone wp-image-2227 size-large aligncenter\" src=\"https:\/\/www.alpenklang.info\/wp-content\/uploads\/img_5345-1-768x1024.jpg\" width=\"550\" height=\"733\" srcset=\"https:\/\/www.alpenklang.info\/wp-content\/uploads\/img_5345-1-768x1024.jpg 768w, https:\/\/www.alpenklang.info\/wp-content\/uploads\/img_5345-1-413x550.jpg 413w, https:\/\/www.alpenklang.info\/wp-content\/uploads\/img_5345-1-150x200.jpg 150w, https:\/\/www.alpenklang.info\/wp-content\/uploads\/img_5345-1-300x400.jpg 300w, https:\/\/www.alpenklang.info\/wp-content\/uploads\/img_5345-1-293x390.jpg 293w, https:\/\/www.alpenklang.info\/wp-content\/uploads\/img_5345-1-855x1140.jpg 855w\" sizes=\"(max-width: 550px) 100vw, 550px\" \/><\/a><span id=\"img_container_4C0CF2BE-B831-44C3-B4B0-480E4F1D42DE\" class=\"img_container\"><progress id=\"progress_4C0CF2BE-B831-44C3-B4B0-480E4F1D42DE\" class=\"wp_media_indicator\" value=\"0\"><\/progress><\/span><\/p>\n","protected":false},"excerpt":{"rendered":"<p>Derzeit kann man \u00fcberall im Gro\u00dfarltal die Blumenpracht bewundern. Bei uns im Tal der Almen wird gro\u00dfer wert auf gepflegte H\u00e4user gelegt und da geh\u00f6rt auch der Balkon Blumenschmuck dazu. Nach einem sehr feuchten Fr\u00fchling sehen die Balkonpflanzen jetzt endlich viel Sonne\u00a0und k\u00f6nnen ihre Bl\u00fctenpracht entfalten. Nat\u00fcrlich haben auch wir unser Hotel wieder mit Balkonblumen &hellip;<\/p>\n\n<p><a class=\"readmore btn btn-default btn-default btn-block\" href=\"https:\/\/www.alpenklang.info\/at\/sommerzeit-ist-blumenzeit\/\">Read More<\/a><\/p>","protected":false},"author":5,"featured_media":2920,"comment_status":"closed","ping_status":"closed","sticky":false,"template":"","format":"standard","meta":{"footnotes":""},"categories":[19],"tags":[],"class_list":["post-3086","post","type-post","status-publish","format-standard","has-post-thumbnail","hentry","category-uncategorized-at"],"yoast_head":"<!-- This site is optimized with the Yoast SEO plugin v27.4 - https:\/\/yoast.com\/product\/yoast-seo-wordpress\/ -->\n<title>Sommerzeit ist Blumenzeit - Hotel Alpenklang<\/title>\n<meta name=\"robots\" content=\"index, follow, max-snippet:-1, max-image-preview:large, max-video-preview:-1\" \/>\n<link rel=\"canonical\" href=\"https:\/\/www.alpenklang.info\/sommerzeit-ist-blumenzeit\/\" \/>\n<meta property=\"og:locale\" content=\"de_DE\" \/>\n<meta property=\"og:type\" content=\"article\" \/>\n<meta property=\"og:title\" content=\"Sommerzeit ist Blumenzeit - Hotel Alpenklang\" \/>\n<meta property=\"og:description\" content=\"Derzeit kann man \u00fcberall im Gro\u00dfarltal die Blumenpracht bewundern. Bei uns im Tal der Almen wird gro\u00dfer wert auf gepflegte H\u00e4user gelegt und da geh\u00f6rt auch der Balkon Blumenschmuck dazu. Nach einem sehr feuchten Fr\u00fchling sehen die Balkonpflanzen jetzt endlich viel Sonne\u00a0und k\u00f6nnen ihre Bl\u00fctenpracht entfalten. Nat\u00fcrlich haben auch wir unser Hotel wieder mit Balkonblumen &hellip;\" \/>\n<meta property=\"og:url\" content=\"https:\/\/www.alpenklang.info\/sommerzeit-ist-blumenzeit\/\" \/>\n<meta property=\"og:site_name\" content=\"Hotel Alpenklang\" \/>\n<meta property=\"article:published_time\" content=\"2016-07-10T17:59:41+00:00\" \/>\n<meta property=\"og:image\" content=\"https:\/\/www.alpenklang.info\/wp-content\/uploads\/img_5357.jpg\" \/>\n\t<meta property=\"og:image:width\" content=\"1024\" \/>\n\t<meta property=\"og:image:height\" content=\"512\" \/>\n\t<meta property=\"og:image:type\" content=\"image\/jpeg\" \/>\n<meta name=\"author\" content=\"AlpKlangRohr21\" \/>\n<meta name=\"twitter:label1\" content=\"Written by\" \/>\n\t<meta name=\"twitter:data1\" content=\"AlpKlangRohr21\" \/>\n\t<meta name=\"twitter:label2\" content=\"Est. reading time\" \/>\n\t<meta name=\"twitter:data2\" content=\"1 minute\" \/>\n<script type=\"application\/ld+json\" class=\"yoast-schema-graph\">{\"@context\":\"https:\\\/\\\/schema.org\",\"@graph\":[{\"@type\":\"Article\",\"@id\":\"https:\\\/\\\/www.alpenklang.info\\\/sommerzeit-ist-blumenzeit\\\/#article\",\"isPartOf\":{\"@id\":\"https:\\\/\\\/www.alpenklang.info\\\/sommerzeit-ist-blumenzeit\\\/\"},\"author\":{\"name\":\"AlpKlangRohr21\",\"@id\":\"https:\\\/\\\/www.alpenklang.info\\\/en\\\/#\\\/schema\\\/person\\\/3a550c52007c2179bd21915094fa734d\"},\"headline\":\"Sommerzeit ist Blumenzeit\",\"datePublished\":\"2016-07-10T17:59:41+00:00\",\"mainEntityOfPage\":{\"@id\":\"https:\\\/\\\/www.alpenklang.info\\\/sommerzeit-ist-blumenzeit\\\/\"},\"wordCount\":143,\"image\":{\"@id\":\"https:\\\/\\\/www.alpenklang.info\\\/sommerzeit-ist-blumenzeit\\\/#primaryimage\"},\"thumbnailUrl\":\"https:\\\/\\\/www.alpenklang.info\\\/wp-content\\\/uploads\\\/img_5357.jpg\",\"articleSection\":[\"Uncategorized @at\"],\"inLanguage\":\"de\"},{\"@type\":\"WebPage\",\"@id\":\"https:\\\/\\\/www.alpenklang.info\\\/sommerzeit-ist-blumenzeit\\\/\",\"url\":\"https:\\\/\\\/www.alpenklang.info\\\/sommerzeit-ist-blumenzeit\\\/\",\"name\":\"Sommerzeit ist Blumenzeit - Hotel Alpenklang\",\"isPartOf\":{\"@id\":\"https:\\\/\\\/www.alpenklang.info\\\/en\\\/#website\"},\"primaryImageOfPage\":{\"@id\":\"https:\\\/\\\/www.alpenklang.info\\\/sommerzeit-ist-blumenzeit\\\/#primaryimage\"},\"image\":{\"@id\":\"https:\\\/\\\/www.alpenklang.info\\\/sommerzeit-ist-blumenzeit\\\/#primaryimage\"},\"thumbnailUrl\":\"https:\\\/\\\/www.alpenklang.info\\\/wp-content\\\/uploads\\\/img_5357.jpg\",\"datePublished\":\"2016-07-10T17:59:41+00:00\",\"author\":{\"@id\":\"https:\\\/\\\/www.alpenklang.info\\\/en\\\/#\\\/schema\\\/person\\\/3a550c52007c2179bd21915094fa734d\"},\"breadcrumb\":{\"@id\":\"https:\\\/\\\/www.alpenklang.info\\\/sommerzeit-ist-blumenzeit\\\/#breadcrumb\"},\"inLanguage\":\"de\",\"potentialAction\":[{\"@type\":\"ReadAction\",\"target\":[\"https:\\\/\\\/www.alpenklang.info\\\/sommerzeit-ist-blumenzeit\\\/\"]}]},{\"@type\":\"ImageObject\",\"inLanguage\":\"de\",\"@id\":\"https:\\\/\\\/www.alpenklang.info\\\/sommerzeit-ist-blumenzeit\\\/#primaryimage\",\"url\":\"https:\\\/\\\/www.alpenklang.info\\\/wp-content\\\/uploads\\\/img_5357.jpg\",\"contentUrl\":\"https:\\\/\\\/www.alpenklang.info\\\/wp-content\\\/uploads\\\/img_5357.jpg\",\"width\":1024,\"height\":512},{\"@type\":\"BreadcrumbList\",\"@id\":\"https:\\\/\\\/www.alpenklang.info\\\/sommerzeit-ist-blumenzeit\\\/#breadcrumb\",\"itemListElement\":[{\"@type\":\"ListItem\",\"position\":1,\"name\":\"Home\",\"item\":\"https:\\\/\\\/www.alpenklang.info\\\/at\\\/\"},{\"@type\":\"ListItem\",\"position\":2,\"name\":\"Sommerzeit ist Blumenzeit\"}]},{\"@type\":\"WebSite\",\"@id\":\"https:\\\/\\\/www.alpenklang.info\\\/en\\\/#website\",\"url\":\"https:\\\/\\\/www.alpenklang.info\\\/en\\\/\",\"name\":\"Hotel Alpenklang\",\"description\":\"Hotel &amp; Berggasthaus in Gro\u00dfarl\",\"potentialAction\":[{\"@type\":\"SearchAction\",\"target\":{\"@type\":\"EntryPoint\",\"urlTemplate\":\"https:\\\/\\\/www.alpenklang.info\\\/en\\\/?s={search_term_string}\"},\"query-input\":{\"@type\":\"PropertyValueSpecification\",\"valueRequired\":true,\"valueName\":\"search_term_string\"}}],\"inLanguage\":\"de\"},{\"@type\":\"Person\",\"@id\":\"https:\\\/\\\/www.alpenklang.info\\\/en\\\/#\\\/schema\\\/person\\\/3a550c52007c2179bd21915094fa734d\",\"name\":\"AlpKlangRohr21\",\"image\":{\"@type\":\"ImageObject\",\"inLanguage\":\"de\",\"@id\":\"https:\\\/\\\/secure.gravatar.com\\\/avatar\\\/f9dcf992ffd4572ce6a9085c589d8a6d08199f6f94d45ad3a4b7f04a04d78aa6?s=96&d=mm&r=g\",\"url\":\"https:\\\/\\\/secure.gravatar.com\\\/avatar\\\/f9dcf992ffd4572ce6a9085c589d8a6d08199f6f94d45ad3a4b7f04a04d78aa6?s=96&d=mm&r=g\",\"contentUrl\":\"https:\\\/\\\/secure.gravatar.com\\\/avatar\\\/f9dcf992ffd4572ce6a9085c589d8a6d08199f6f94d45ad3a4b7f04a04d78aa6?s=96&d=mm&r=g\",\"caption\":\"AlpKlangRohr21\"},\"url\":\"https:\\\/\\\/www.alpenklang.info\\\/at\\\/author\\\/alpklangrohr21\\\/\"}]}<\/script>\n<!-- \/ Yoast SEO plugin. -->","yoast_head_json":{"title":"Sommerzeit ist Blumenzeit - Hotel Alpenklang","robots":{"index":"index","follow":"follow","max-snippet":"max-snippet:-1","max-image-preview":"max-image-preview:large","max-video-preview":"max-video-preview:-1"},"canonical":"https:\/\/www.alpenklang.info\/sommerzeit-ist-blumenzeit\/","og_locale":"de_DE","og_type":"article","og_title":"Sommerzeit ist Blumenzeit - Hotel Alpenklang","og_description":"Derzeit kann man \u00fcberall im Gro\u00dfarltal die Blumenpracht bewundern. Bei uns im Tal der Almen wird gro\u00dfer wert auf gepflegte H\u00e4user gelegt und da geh\u00f6rt auch der Balkon Blumenschmuck dazu. Nach einem sehr feuchten Fr\u00fchling sehen die Balkonpflanzen jetzt endlich viel Sonne\u00a0und k\u00f6nnen ihre Bl\u00fctenpracht entfalten. Nat\u00fcrlich haben auch wir unser Hotel wieder mit Balkonblumen &hellip;","og_url":"https:\/\/www.alpenklang.info\/sommerzeit-ist-blumenzeit\/","og_site_name":"Hotel Alpenklang","article_published_time":"2016-07-10T17:59:41+00:00","og_image":[{"width":1024,"height":512,"url":"https:\/\/www.alpenklang.info\/wp-content\/uploads\/img_5357.jpg","type":"image\/jpeg"}],"author":"AlpKlangRohr21","twitter_misc":{"Written by":"AlpKlangRohr21","Est. reading time":"1 minute"},"schema":{"@context":"https:\/\/schema.org","@graph":[{"@type":"Article","@id":"https:\/\/www.alpenklang.info\/sommerzeit-ist-blumenzeit\/#article","isPartOf":{"@id":"https:\/\/www.alpenklang.info\/sommerzeit-ist-blumenzeit\/"},"author":{"name":"AlpKlangRohr21","@id":"https:\/\/www.alpenklang.info\/en\/#\/schema\/person\/3a550c52007c2179bd21915094fa734d"},"headline":"Sommerzeit ist Blumenzeit","datePublished":"2016-07-10T17:59:41+00:00","mainEntityOfPage":{"@id":"https:\/\/www.alpenklang.info\/sommerzeit-ist-blumenzeit\/"},"wordCount":143,"image":{"@id":"https:\/\/www.alpenklang.info\/sommerzeit-ist-blumenzeit\/#primaryimage"},"thumbnailUrl":"https:\/\/www.alpenklang.info\/wp-content\/uploads\/img_5357.jpg","articleSection":["Uncategorized @at"],"inLanguage":"de"},{"@type":"WebPage","@id":"https:\/\/www.alpenklang.info\/sommerzeit-ist-blumenzeit\/","url":"https:\/\/www.alpenklang.info\/sommerzeit-ist-blumenzeit\/","name":"Sommerzeit ist Blumenzeit - Hotel Alpenklang","isPartOf":{"@id":"https:\/\/www.alpenklang.info\/en\/#website"},"primaryImageOfPage":{"@id":"https:\/\/www.alpenklang.info\/sommerzeit-ist-blumenzeit\/#primaryimage"},"image":{"@id":"https:\/\/www.alpenklang.info\/sommerzeit-ist-blumenzeit\/#primaryimage"},"thumbnailUrl":"https:\/\/www.alpenklang.info\/wp-content\/uploads\/img_5357.jpg","datePublished":"2016-07-10T17:59:41+00:00","author":{"@id":"https:\/\/www.alpenklang.info\/en\/#\/schema\/person\/3a550c52007c2179bd21915094fa734d"},"breadcrumb":{"@id":"https:\/\/www.alpenklang.info\/sommerzeit-ist-blumenzeit\/#breadcrumb"},"inLanguage":"de","potentialAction":[{"@type":"ReadAction","target":["https:\/\/www.alpenklang.info\/sommerzeit-ist-blumenzeit\/"]}]},{"@type":"ImageObject","inLanguage":"de","@id":"https:\/\/www.alpenklang.info\/sommerzeit-ist-blumenzeit\/#primaryimage","url":"https:\/\/www.alpenklang.info\/wp-content\/uploads\/img_5357.jpg","contentUrl":"https:\/\/www.alpenklang.info\/wp-content\/uploads\/img_5357.jpg","width":1024,"height":512},{"@type":"BreadcrumbList","@id":"https:\/\/www.alpenklang.info\/sommerzeit-ist-blumenzeit\/#breadcrumb","itemListElement":[{"@type":"ListItem","position":1,"name":"Home","item":"https:\/\/www.alpenklang.info\/at\/"},{"@type":"ListItem","position":2,"name":"Sommerzeit ist Blumenzeit"}]},{"@type":"WebSite","@id":"https:\/\/www.alpenklang.info\/en\/#website","url":"https:\/\/www.alpenklang.info\/en\/","name":"Hotel Alpenklang","description":"Hotel &amp; Berggasthaus in Gro\u00dfarl","potentialAction":[{"@type":"SearchAction","target":{"@type":"EntryPoint","urlTemplate":"https:\/\/www.alpenklang.info\/en\/?s={search_term_string}"},"query-input":{"@type":"PropertyValueSpecification","valueRequired":true,"valueName":"search_term_string"}}],"inLanguage":"de"},{"@type":"Person","@id":"https:\/\/www.alpenklang.info\/en\/#\/schema\/person\/3a550c52007c2179bd21915094fa734d","name":"AlpKlangRohr21","image":{"@type":"ImageObject","inLanguage":"de","@id":"https:\/\/secure.gravatar.com\/avatar\/f9dcf992ffd4572ce6a9085c589d8a6d08199f6f94d45ad3a4b7f04a04d78aa6?s=96&d=mm&r=g","url":"https:\/\/secure.gravatar.com\/avatar\/f9dcf992ffd4572ce6a9085c589d8a6d08199f6f94d45ad3a4b7f04a04d78aa6?s=96&d=mm&r=g","contentUrl":"https:\/\/secure.gravatar.com\/avatar\/f9dcf992ffd4572ce6a9085c589d8a6d08199f6f94d45ad3a4b7f04a04d78aa6?s=96&d=mm&r=g","caption":"AlpKlangRohr21"},"url":"https:\/\/www.alpenklang.info\/at\/author\/alpklangrohr21\/"}]}},"_links":{"self":[{"href":"https:\/\/www.alpenklang.info\/at\/wp-json\/wp\/v2\/posts\/3086","targetHints":{"allow":["GET"]}}],"collection":[{"href":"https:\/\/www.alpenklang.info\/at\/wp-json\/wp\/v2\/posts"}],"about":[{"href":"https:\/\/www.alpenklang.info\/at\/wp-json\/wp\/v2\/types\/post"}],"author":[{"embeddable":true,"href":"https:\/\/www.alpenklang.info\/at\/wp-json\/wp\/v2\/users\/5"}],"replies":[{"embeddable":true,"href":"https:\/\/www.alpenklang.info\/at\/wp-json\/wp\/v2\/comments?post=3086"}],"version-history":[{"count":0,"href":"https:\/\/www.alpenklang.info\/at\/wp-json\/wp\/v2\/posts\/3086\/revisions"}],"wp:featuredmedia":[{"embeddable":true,"href":"https:\/\/www.alpenklang.info\/at\/wp-json\/wp\/v2\/media\/2920"}],"wp:attachment":[{"href":"https:\/\/www.alpenklang.info\/at\/wp-json\/wp\/v2\/media?parent=3086"}],"wp:term":[{"taxonomy":"category","embeddable":true,"href":"https:\/\/www.alpenklang.info\/at\/wp-json\/wp\/v2\/categories?post=3086"},{"taxonomy":"post_tag","embeddable":true,"href":"https:\/\/www.alpenklang.info\/at\/wp-json\/wp\/v2\/tags?post=3086"}],"curies":[{"name":"wp","href":"https:\/\/api.w.org\/{rel}","templated":true}]}}