{"id":3088,"date":"2016-06-23T14:57:58","date_gmt":"2016-06-23T12:57:58","guid":{"rendered":"https:\/\/www.alpenklang.info\/at\/musikalische-gaeste\/"},"modified":"2016-06-23T14:57:58","modified_gmt":"2016-06-23T12:57:58","slug":"musikalische-gaeste","status":"publish","type":"post","link":"https:\/\/www.alpenklang.info\/at\/musikalische-gaeste\/","title":{"rendered":"Musikalische G\u00e4ste . . ."},"content":{"rendered":"<p>. . . im Hotel Alpenklang. Letze Woche war Wolfgang aus dem Bayrischen Wald bei uns zu Gast. Er hat neben seiner Frau und einem befreundeten Paar auch seine Zither mitgebracht. Nach einem erlebnisreichen Alm-Wandertag hat Wolfgang am Abend bei uns im Alpenklang wundersch\u00f6ne Zither Melodien erklingen lassen.<\/p>\n<p>So wie Wolfgang gibt es noch viele weitere G\u00e4ste welche Ihre Instrumente zu uns mitbringen oder auch mit unseren Instrumenten musizieren. Auch einige S\u00e4nger sind unter unseren Stammg\u00e4sten wie z.B. Richard aus dem Spessart oder Horst aus Franken welche bei jedem Urlaub im Alpenklang zum Mikro greifen.&nbsp;<\/p>\n<p>Sehr lustig ist es auch immer zum Musikantenherbst wenn unsere Belgischen und Niederl\u00e4ndischen Harmonikaspieler bei uns zu Gast sind. Alle spielen auf steirischen Harmonikas z\u00fcnftig auf.<br \/>\nNat\u00fcrlich sind nicht nur Volksmusikanten bei uns zu Gast. Diesen Fr\u00fchling war auch schon ein Jazz Bassist namens Wolfgang hier und hat gemeinsam mit mir musiziert. Es war ein sehr lustiger Abend. Morgen kommt wieder Akkordeonspieler Fritz aus Ober\u00f6sterreich und hat sein Instrument sicher wieder dabei.<\/p>\n<p>Es gibt immer wieder tolle \u00dcberraschungen und unvergessliche Erlebnisse f\u00fcr uns und alle G\u00e4ste wie z.B. letzten Winter als Jens aus Sachsen ein Lied von \u201eBluatschink\u201c im perfektem Vorarlberger Dialekt gesungen hat.<\/p>\n<p>Die Liste unserer musikalischen (Stamm)G\u00e4ste mit Darbietungen im Alpenklang ist lang und wird sich hoffentlich noch lange fortsetzen.<\/p>\n<p><a href=\"https:\/\/www.alpenklang.info\/wp-content\/uploads\/img_5089.jpg\" rel='magnific'><img decoding=\"async\" src=\"https:\/\/www.alpenklang.info\/wp-content\/uploads\/img_5089.jpg\" alt=\"\" width=\"2753\" height=\"2079\" class=\"alignnone size-full wp-image-2149\" srcset=\"https:\/\/www.alpenklang.info\/wp-content\/uploads\/img_5089.jpg 2753w, https:\/\/www.alpenklang.info\/wp-content\/uploads\/img_5089-550x415.jpg 550w, https:\/\/www.alpenklang.info\/wp-content\/uploads\/img_5089-768x580.jpg 768w, https:\/\/www.alpenklang.info\/wp-content\/uploads\/img_5089-1024x773.jpg 1024w, https:\/\/www.alpenklang.info\/wp-content\/uploads\/img_5089-250x189.jpg 250w, https:\/\/www.alpenklang.info\/wp-content\/uploads\/img_5089-530x400.jpg 530w, https:\/\/www.alpenklang.info\/wp-content\/uploads\/img_5089-390x295.jpg 390w, https:\/\/www.alpenklang.info\/wp-content\/uploads\/img_5089-1140x861.jpg 1140w\" sizes=\"(max-width: 2753px) 100vw, 2753px\" \/><\/a>mit musikalischen Gr\u00fc\u00dfen Christoph Rohrmoser<\/p>\n","protected":false},"excerpt":{"rendered":"<p>. . . im Hotel Alpenklang. Letze Woche war Wolfgang aus dem Bayrischen Wald bei uns zu Gast. Er hat neben seiner Frau und einem befreundeten Paar auch seine Zither mitgebracht. Nach einem erlebnisreichen Alm-Wandertag hat Wolfgang am Abend bei uns im Alpenklang wundersch\u00f6ne Zither Melodien erklingen lassen. So wie Wolfgang gibt es noch viele &hellip;<\/p>\n\n<p><a class=\"readmore btn btn-default btn-default btn-block\" href=\"https:\/\/www.alpenklang.info\/at\/musikalische-gaeste\/\">Read More<\/a><\/p>","protected":false},"author":5,"featured_media":2912,"comment_status":"closed","ping_status":"closed","sticky":false,"template":"","format":"standard","meta":{"footnotes":""},"categories":[19],"tags":[],"class_list":["post-3088","post","type-post","status-publish","format-standard","has-post-thumbnail","hentry","category-uncategorized-at"],"yoast_head":"<!-- This site is optimized with the Yoast SEO plugin v27.4 - https:\/\/yoast.com\/product\/yoast-seo-wordpress\/ -->\n<title>Musikalische G\u00e4ste . . . - Hotel Alpenklang<\/title>\n<meta name=\"robots\" content=\"index, follow, max-snippet:-1, max-image-preview:large, max-video-preview:-1\" \/>\n<link rel=\"canonical\" href=\"https:\/\/www.alpenklang.info\/musikalische-gaeste\/\" \/>\n<meta property=\"og:locale\" content=\"de_DE\" \/>\n<meta property=\"og:type\" content=\"article\" \/>\n<meta property=\"og:title\" content=\"Musikalische G\u00e4ste . . . - Hotel Alpenklang\" \/>\n<meta property=\"og:description\" content=\". . . im Hotel Alpenklang. Letze Woche war Wolfgang aus dem Bayrischen Wald bei uns zu Gast. Er hat neben seiner Frau und einem befreundeten Paar auch seine Zither mitgebracht. Nach einem erlebnisreichen Alm-Wandertag hat Wolfgang am Abend bei uns im Alpenklang wundersch\u00f6ne Zither Melodien erklingen lassen. So wie Wolfgang gibt es noch viele &hellip;\" \/>\n<meta property=\"og:url\" content=\"https:\/\/www.alpenklang.info\/musikalische-gaeste\/\" \/>\n<meta property=\"og:site_name\" content=\"Hotel Alpenklang\" \/>\n<meta property=\"article:published_time\" content=\"2016-06-23T12:57:58+00:00\" \/>\n<meta property=\"og:image\" content=\"https:\/\/www.alpenklang.info\/wp-content\/uploads\/img_5124-1.jpg\" \/>\n\t<meta property=\"og:image:width\" content=\"2048\" \/>\n\t<meta property=\"og:image:height\" content=\"1536\" \/>\n\t<meta property=\"og:image:type\" content=\"image\/jpeg\" \/>\n<meta name=\"author\" content=\"AlpKlangRohr21\" \/>\n<meta name=\"twitter:label1\" content=\"Written by\" \/>\n\t<meta name=\"twitter:data1\" content=\"AlpKlangRohr21\" \/>\n\t<meta name=\"twitter:label2\" content=\"Est. reading time\" \/>\n\t<meta name=\"twitter:data2\" content=\"1 minute\" \/>\n<script type=\"application\/ld+json\" class=\"yoast-schema-graph\">{\"@context\":\"https:\\\/\\\/schema.org\",\"@graph\":[{\"@type\":\"Article\",\"@id\":\"https:\\\/\\\/www.alpenklang.info\\\/musikalische-gaeste\\\/#article\",\"isPartOf\":{\"@id\":\"https:\\\/\\\/www.alpenklang.info\\\/musikalische-gaeste\\\/\"},\"author\":{\"name\":\"AlpKlangRohr21\",\"@id\":\"https:\\\/\\\/www.alpenklang.info\\\/en\\\/#\\\/schema\\\/person\\\/3a550c52007c2179bd21915094fa734d\"},\"headline\":\"Musikalische G\u00e4ste . . .\",\"datePublished\":\"2016-06-23T12:57:58+00:00\",\"mainEntityOfPage\":{\"@id\":\"https:\\\/\\\/www.alpenklang.info\\\/musikalische-gaeste\\\/\"},\"wordCount\":239,\"image\":{\"@id\":\"https:\\\/\\\/www.alpenklang.info\\\/musikalische-gaeste\\\/#primaryimage\"},\"thumbnailUrl\":\"https:\\\/\\\/www.alpenklang.info\\\/wp-content\\\/uploads\\\/img_5124-1.jpg\",\"articleSection\":[\"Uncategorized @at\"],\"inLanguage\":\"de\"},{\"@type\":\"WebPage\",\"@id\":\"https:\\\/\\\/www.alpenklang.info\\\/musikalische-gaeste\\\/\",\"url\":\"https:\\\/\\\/www.alpenklang.info\\\/musikalische-gaeste\\\/\",\"name\":\"Musikalische G\u00e4ste . . . - Hotel Alpenklang\",\"isPartOf\":{\"@id\":\"https:\\\/\\\/www.alpenklang.info\\\/en\\\/#website\"},\"primaryImageOfPage\":{\"@id\":\"https:\\\/\\\/www.alpenklang.info\\\/musikalische-gaeste\\\/#primaryimage\"},\"image\":{\"@id\":\"https:\\\/\\\/www.alpenklang.info\\\/musikalische-gaeste\\\/#primaryimage\"},\"thumbnailUrl\":\"https:\\\/\\\/www.alpenklang.info\\\/wp-content\\\/uploads\\\/img_5124-1.jpg\",\"datePublished\":\"2016-06-23T12:57:58+00:00\",\"author\":{\"@id\":\"https:\\\/\\\/www.alpenklang.info\\\/en\\\/#\\\/schema\\\/person\\\/3a550c52007c2179bd21915094fa734d\"},\"breadcrumb\":{\"@id\":\"https:\\\/\\\/www.alpenklang.info\\\/musikalische-gaeste\\\/#breadcrumb\"},\"inLanguage\":\"de\",\"potentialAction\":[{\"@type\":\"ReadAction\",\"target\":[\"https:\\\/\\\/www.alpenklang.info\\\/musikalische-gaeste\\\/\"]}]},{\"@type\":\"ImageObject\",\"inLanguage\":\"de\",\"@id\":\"https:\\\/\\\/www.alpenklang.info\\\/musikalische-gaeste\\\/#primaryimage\",\"url\":\"https:\\\/\\\/www.alpenklang.info\\\/wp-content\\\/uploads\\\/img_5124-1.jpg\",\"contentUrl\":\"https:\\\/\\\/www.alpenklang.info\\\/wp-content\\\/uploads\\\/img_5124-1.jpg\",\"width\":2048,\"height\":1536},{\"@type\":\"BreadcrumbList\",\"@id\":\"https:\\\/\\\/www.alpenklang.info\\\/musikalische-gaeste\\\/#breadcrumb\",\"itemListElement\":[{\"@type\":\"ListItem\",\"position\":1,\"name\":\"Home\",\"item\":\"https:\\\/\\\/www.alpenklang.info\\\/at\\\/\"},{\"@type\":\"ListItem\",\"position\":2,\"name\":\"Musikalische G\u00e4ste . . .\"}]},{\"@type\":\"WebSite\",\"@id\":\"https:\\\/\\\/www.alpenklang.info\\\/en\\\/#website\",\"url\":\"https:\\\/\\\/www.alpenklang.info\\\/en\\\/\",\"name\":\"Hotel Alpenklang\",\"description\":\"Hotel &amp; Berggasthaus in Gro\u00dfarl\",\"potentialAction\":[{\"@type\":\"SearchAction\",\"target\":{\"@type\":\"EntryPoint\",\"urlTemplate\":\"https:\\\/\\\/www.alpenklang.info\\\/en\\\/?s={search_term_string}\"},\"query-input\":{\"@type\":\"PropertyValueSpecification\",\"valueRequired\":true,\"valueName\":\"search_term_string\"}}],\"inLanguage\":\"de\"},{\"@type\":\"Person\",\"@id\":\"https:\\\/\\\/www.alpenklang.info\\\/en\\\/#\\\/schema\\\/person\\\/3a550c52007c2179bd21915094fa734d\",\"name\":\"AlpKlangRohr21\",\"image\":{\"@type\":\"ImageObject\",\"inLanguage\":\"de\",\"@id\":\"https:\\\/\\\/secure.gravatar.com\\\/avatar\\\/f9dcf992ffd4572ce6a9085c589d8a6d08199f6f94d45ad3a4b7f04a04d78aa6?s=96&d=mm&r=g\",\"url\":\"https:\\\/\\\/secure.gravatar.com\\\/avatar\\\/f9dcf992ffd4572ce6a9085c589d8a6d08199f6f94d45ad3a4b7f04a04d78aa6?s=96&d=mm&r=g\",\"contentUrl\":\"https:\\\/\\\/secure.gravatar.com\\\/avatar\\\/f9dcf992ffd4572ce6a9085c589d8a6d08199f6f94d45ad3a4b7f04a04d78aa6?s=96&d=mm&r=g\",\"caption\":\"AlpKlangRohr21\"},\"url\":\"https:\\\/\\\/www.alpenklang.info\\\/at\\\/author\\\/alpklangrohr21\\\/\"}]}<\/script>\n<!-- \/ Yoast SEO plugin. -->","yoast_head_json":{"title":"Musikalische G\u00e4ste . . . - Hotel Alpenklang","robots":{"index":"index","follow":"follow","max-snippet":"max-snippet:-1","max-image-preview":"max-image-preview:large","max-video-preview":"max-video-preview:-1"},"canonical":"https:\/\/www.alpenklang.info\/musikalische-gaeste\/","og_locale":"de_DE","og_type":"article","og_title":"Musikalische G\u00e4ste . . . - Hotel Alpenklang","og_description":". . . im Hotel Alpenklang. Letze Woche war Wolfgang aus dem Bayrischen Wald bei uns zu Gast. Er hat neben seiner Frau und einem befreundeten Paar auch seine Zither mitgebracht. Nach einem erlebnisreichen Alm-Wandertag hat Wolfgang am Abend bei uns im Alpenklang wundersch\u00f6ne Zither Melodien erklingen lassen. So wie Wolfgang gibt es noch viele &hellip;","og_url":"https:\/\/www.alpenklang.info\/musikalische-gaeste\/","og_site_name":"Hotel Alpenklang","article_published_time":"2016-06-23T12:57:58+00:00","og_image":[{"width":2048,"height":1536,"url":"https:\/\/www.alpenklang.info\/wp-content\/uploads\/img_5124-1.jpg","type":"image\/jpeg"}],"author":"AlpKlangRohr21","twitter_misc":{"Written by":"AlpKlangRohr21","Est. reading time":"1 minute"},"schema":{"@context":"https:\/\/schema.org","@graph":[{"@type":"Article","@id":"https:\/\/www.alpenklang.info\/musikalische-gaeste\/#article","isPartOf":{"@id":"https:\/\/www.alpenklang.info\/musikalische-gaeste\/"},"author":{"name":"AlpKlangRohr21","@id":"https:\/\/www.alpenklang.info\/en\/#\/schema\/person\/3a550c52007c2179bd21915094fa734d"},"headline":"Musikalische G\u00e4ste . . .","datePublished":"2016-06-23T12:57:58+00:00","mainEntityOfPage":{"@id":"https:\/\/www.alpenklang.info\/musikalische-gaeste\/"},"wordCount":239,"image":{"@id":"https:\/\/www.alpenklang.info\/musikalische-gaeste\/#primaryimage"},"thumbnailUrl":"https:\/\/www.alpenklang.info\/wp-content\/uploads\/img_5124-1.jpg","articleSection":["Uncategorized @at"],"inLanguage":"de"},{"@type":"WebPage","@id":"https:\/\/www.alpenklang.info\/musikalische-gaeste\/","url":"https:\/\/www.alpenklang.info\/musikalische-gaeste\/","name":"Musikalische G\u00e4ste . . . - Hotel Alpenklang","isPartOf":{"@id":"https:\/\/www.alpenklang.info\/en\/#website"},"primaryImageOfPage":{"@id":"https:\/\/www.alpenklang.info\/musikalische-gaeste\/#primaryimage"},"image":{"@id":"https:\/\/www.alpenklang.info\/musikalische-gaeste\/#primaryimage"},"thumbnailUrl":"https:\/\/www.alpenklang.info\/wp-content\/uploads\/img_5124-1.jpg","datePublished":"2016-06-23T12:57:58+00:00","author":{"@id":"https:\/\/www.alpenklang.info\/en\/#\/schema\/person\/3a550c52007c2179bd21915094fa734d"},"breadcrumb":{"@id":"https:\/\/www.alpenklang.info\/musikalische-gaeste\/#breadcrumb"},"inLanguage":"de","potentialAction":[{"@type":"ReadAction","target":["https:\/\/www.alpenklang.info\/musikalische-gaeste\/"]}]},{"@type":"ImageObject","inLanguage":"de","@id":"https:\/\/www.alpenklang.info\/musikalische-gaeste\/#primaryimage","url":"https:\/\/www.alpenklang.info\/wp-content\/uploads\/img_5124-1.jpg","contentUrl":"https:\/\/www.alpenklang.info\/wp-content\/uploads\/img_5124-1.jpg","width":2048,"height":1536},{"@type":"BreadcrumbList","@id":"https:\/\/www.alpenklang.info\/musikalische-gaeste\/#breadcrumb","itemListElement":[{"@type":"ListItem","position":1,"name":"Home","item":"https:\/\/www.alpenklang.info\/at\/"},{"@type":"ListItem","position":2,"name":"Musikalische G\u00e4ste . . ."}]},{"@type":"WebSite","@id":"https:\/\/www.alpenklang.info\/en\/#website","url":"https:\/\/www.alpenklang.info\/en\/","name":"Hotel Alpenklang","description":"Hotel &amp; Berggasthaus in Gro\u00dfarl","potentialAction":[{"@type":"SearchAction","target":{"@type":"EntryPoint","urlTemplate":"https:\/\/www.alpenklang.info\/en\/?s={search_term_string}"},"query-input":{"@type":"PropertyValueSpecification","valueRequired":true,"valueName":"search_term_string"}}],"inLanguage":"de"},{"@type":"Person","@id":"https:\/\/www.alpenklang.info\/en\/#\/schema\/person\/3a550c52007c2179bd21915094fa734d","name":"AlpKlangRohr21","image":{"@type":"ImageObject","inLanguage":"de","@id":"https:\/\/secure.gravatar.com\/avatar\/f9dcf992ffd4572ce6a9085c589d8a6d08199f6f94d45ad3a4b7f04a04d78aa6?s=96&d=mm&r=g","url":"https:\/\/secure.gravatar.com\/avatar\/f9dcf992ffd4572ce6a9085c589d8a6d08199f6f94d45ad3a4b7f04a04d78aa6?s=96&d=mm&r=g","contentUrl":"https:\/\/secure.gravatar.com\/avatar\/f9dcf992ffd4572ce6a9085c589d8a6d08199f6f94d45ad3a4b7f04a04d78aa6?s=96&d=mm&r=g","caption":"AlpKlangRohr21"},"url":"https:\/\/www.alpenklang.info\/at\/author\/alpklangrohr21\/"}]}},"_links":{"self":[{"href":"https:\/\/www.alpenklang.info\/at\/wp-json\/wp\/v2\/posts\/3088","targetHints":{"allow":["GET"]}}],"collection":[{"href":"https:\/\/www.alpenklang.info\/at\/wp-json\/wp\/v2\/posts"}],"about":[{"href":"https:\/\/www.alpenklang.info\/at\/wp-json\/wp\/v2\/types\/post"}],"author":[{"embeddable":true,"href":"https:\/\/www.alpenklang.info\/at\/wp-json\/wp\/v2\/users\/5"}],"replies":[{"embeddable":true,"href":"https:\/\/www.alpenklang.info\/at\/wp-json\/wp\/v2\/comments?post=3088"}],"version-history":[{"count":0,"href":"https:\/\/www.alpenklang.info\/at\/wp-json\/wp\/v2\/posts\/3088\/revisions"}],"wp:featuredmedia":[{"embeddable":true,"href":"https:\/\/www.alpenklang.info\/at\/wp-json\/wp\/v2\/media\/2912"}],"wp:attachment":[{"href":"https:\/\/www.alpenklang.info\/at\/wp-json\/wp\/v2\/media?parent=3088"}],"wp:term":[{"taxonomy":"category","embeddable":true,"href":"https:\/\/www.alpenklang.info\/at\/wp-json\/wp\/v2\/categories?post=3088"},{"taxonomy":"post_tag","embeddable":true,"href":"https:\/\/www.alpenklang.info\/at\/wp-json\/wp\/v2\/tags?post=3088"}],"curies":[{"name":"wp","href":"https:\/\/api.w.org\/{rel}","templated":true}]}}